{"id":309,"date":"2025-01-03T06:27:38","date_gmt":"2025-01-03T06:27:38","guid":{"rendered":"https:\/\/gruene-gewerke.fau.org\/?p=309"},"modified":"2025-01-03T06:38:34","modified_gmt":"2025-01-03T06:38:34","slug":"am-18-1-fuer-eine-soziale-agrarwende-nach-berlin","status":"publish","type":"post","link":"https:\/\/gruene-gewerke.fau.org\/?p=309","title":{"rendered":"Am 18.1. f\u00fcr eine soziale Agrarwende nach Berlin!"},"content":{"rendered":"<p>Als Arbeiter:innen aus Land- und Forstwirtschaft, Gartenbau und Umweltberufen stellen wir uns hinter den Ruf nach einer \u00f6kologischen und sozialen Agrarwende, nach globaler Ern\u00e4hrungssouver\u00e4nit\u00e4t, einer radikalen Verbesserung der Arbeitsverh\u00e4ltnisse, nach Klima- und Artenschutz und einem Ende der Spekulation mit und Vernichtung von Agrarfl\u00e4chen.<\/p>\n<p>Wir rufen daher wie viele andere gesellschaftliche Akteur:innen dazu auf, sich am 18.1. der<strong> \u201eWir haben es satt!<\/strong>\u201c-Demonstration anzuschlie\u00dfen und w\u00fcrden uns freuen, euch dort zu sehen.<!--more--><\/p>\n<p>Als Basisgewerkschaft wollen wir dabei ein besonderes Augenmerk auf Sexismus, globale Ausbeutung, Ausbeutung migrantischer Kolleg:innen und den notwendigen Schulterschluss der Agrarbewegung im Kampf gegen Kaufkraftverluste der Bev\u00f6lkerung legen. Wir fordern auf: Profite der Einzelhandels- und Agrarkonzerne umverteilen, Oligopole brechen, B\u00fcrgergeld erh\u00f6hen, Bezahlkarte abschaffen, mit Streiks in anderen Branchen solidarisieren und einen basisdemokratischen Systemwechsel auf den Weg bringen!<\/p>\n<p>Wir sehen uns auf dem basisgewerkschaftlichen Block in der N\u00e4he befreundeter Organisationen wie jAbL, ELAN und Interbrigadas. Autorit\u00e4re Kommunist:innen und Parteien sind nicht erw\u00fcnscht.<\/p>\n<p>Mehr Informationen: https:\/\/www.wir-haben-es-satt.de\/informieren\/6-punkte-plan<\/p>\n","protected":false},"excerpt":{"rendered":"<p>Als Arbeiter:innen aus Land- und Forstwirtschaft, Gartenbau und Umweltberufen stellen wir uns hinter den Ruf nach einer \u00f6kologischen und sozialen Agrarwende, nach globaler Ern\u00e4hrungssouver\u00e4nit\u00e4t, einer radikalen Verbesserung der Arbeitsverh\u00e4ltnisse, nach Klima- und Artenschutz und einem Ende der Spekulation mit und Vernichtung von Agrarfl\u00e4chen. Wir rufen daher wie viele andere gesellschaftliche Akteur:innen dazu auf, sich am &hellip; <\/p>\n<p class=\"link-more\"><a href=\"https:\/\/gruene-gewerke.fau.org\/?p=309\" class=\"more-link\"><span class=\"screen-reader-text\">\u201eAm 18.1. f\u00fcr eine soziale Agrarwende nach Berlin!\u201c <\/span>weiterlesen<\/a><\/p>\n","protected":false},"author":1,"featured_media":310,"comment_status":"open","ping_status":"open","sticky":false,"template":"","format":"standard","meta":{"footnotes":""},"categories":[27,17,23,21,162,189,158],"tags":[43,37,55,33,245,247,90,243,94,249,251,31,29],"class_list":["post-309","post","type-post","status-publish","format-standard","has-post-thumbnail","hentry","category-agrarwende","category-demonstration","category-gemuesebau","category-landwirtschaft","category-mobile-arbeit","category-obstbau","category-saisonarbeit","tag-abl","tag-agrarwende","tag-bauernprotest","tag-berlin","tag-elan","tag-fau","tag-ig-bau","tag-jabl","tag-landwirtschaft","tag-mercosur","tag-oekologe","tag-whes","tag-wir-haben-es-satt"],"_links":{"self":[{"href":"https:\/\/gruene-gewerke.fau.org\/index.php?rest_route=\/wp\/v2\/posts\/309","targetHints":{"allow":["GET"]}}],"collection":[{"href":"https:\/\/gruene-gewerke.fau.org\/index.php?rest_route=\/wp\/v2\/posts"}],"about":[{"href":"https:\/\/gruene-gewerke.fau.org\/index.php?rest_route=\/wp\/v2\/types\/post"}],"author":[{"embeddable":true,"href":"https:\/\/gruene-gewerke.fau.org\/index.php?rest_route=\/wp\/v2\/users\/1"}],"replies":[{"embeddable":true,"href":"https:\/\/gruene-gewerke.fau.org\/index.php?rest_route=%2Fwp%2Fv2%2Fcomments&post=309"}],"version-history":[{"count":2,"href":"https:\/\/gruene-gewerke.fau.org\/index.php?rest_route=\/wp\/v2\/posts\/309\/revisions"}],"predecessor-version":[{"id":312,"href":"https:\/\/gruene-gewerke.fau.org\/index.php?rest_route=\/wp\/v2\/posts\/309\/revisions\/312"}],"wp:featuredmedia":[{"embeddable":true,"href":"https:\/\/gruene-gewerke.fau.org\/index.php?rest_route=\/wp\/v2\/media\/310"}],"wp:attachment":[{"href":"https:\/\/gruene-gewerke.fau.org\/index.php?rest_route=%2Fwp%2Fv2%2Fmedia&parent=309"}],"wp:term":[{"taxonomy":"category","embeddable":true,"href":"https:\/\/gruene-gewerke.fau.org\/index.php?rest_route=%2Fwp%2Fv2%2Fcategories&post=309"},{"taxonomy":"post_tag","embeddable":true,"href":"https:\/\/gruene-gewerke.fau.org\/index.php?rest_route=%2Fwp%2Fv2%2Ftags&post=309"}],"curies":[{"name":"wp","href":"https:\/\/api.w.org\/{rel}","templated":true}]}}