{"id":413,"date":"2025-05-05T10:44:23","date_gmt":"2025-05-05T10:44:23","guid":{"rendered":"https:\/\/gruene-gewerke.fau.org\/?p=413"},"modified":"2025-04-27T10:54:51","modified_gmt":"2025-04-27T10:54:51","slug":"wir-trauern-um-unseren-genossen-flo","status":"publish","type":"post","link":"https:\/\/gruene-gewerke.fau.org\/?p=413","title":{"rendered":"Nachruf: Wir trauern um unseren Genossen Flo"},"content":{"rendered":"<p>Bereits am 4. November 2024 kam unser Genosse Flo bei einem Wohnungsbrand in Leipzig ums Leben. Flo war im Gartenlandschaftsbau besch\u00e4ftigt und starb mit 37 Jahren.<\/p>\n<p>Von 2005 bis 2008 absolvierte er seine Gartenlandschaftsbau-Ausbildung in M\u00fcnchen. Nach beruflichen Stationen in Marburg und Salzburg zog er 2012 nach Leipzig, wo er zun\u00e4chst in verschiedenen Dienstleistungsberufen t\u00e4tig war. Sozial und politisch war Flo an verschiedenen Ecken aktiv: Er beteiligte sich an mehreren Hausprojekten in Plagwitz, in der Mariannenstra\u00dfe, an einer Bauernhof WG in Wei\u00dfenfels und dem B\u00fcndnis Leipzig gegen Rechts.<br \/>\nZuletzt bewegten Flo beruflich und politisch wieder der GaLaBau, Solidarische Landwirtschaften und die Holzberarbeitung.<\/p>\n<p>Wir hatten leider kaum Zeit ihn kennen zu lernen. Unsere Gedanken sind bei seinen Freund:innen und seiner Familie.<\/p>\n<p>Flo, wir hoffen, die Erde wird dir leicht sein!<\/p>\n","protected":false},"excerpt":{"rendered":"<p>Bereits am 4. November 2024 kam unser Genosse Flo bei einem Wohnungsbrand in Leipzig ums Leben. Flo war im Gartenlandschaftsbau besch\u00e4ftigt und starb mit 37 Jahren. Von 2005 bis 2008 absolvierte er seine Gartenlandschaftsbau-Ausbildung in M\u00fcnchen. Nach beruflichen Stationen in Marburg und Salzburg zog er 2012 nach Leipzig, wo er zun\u00e4chst in verschiedenen Dienstleistungsberufen t\u00e4tig &hellip; <\/p>\n<p class=\"link-more\"><a href=\"https:\/\/gruene-gewerke.fau.org\/?p=413\" class=\"more-link\"><span class=\"screen-reader-text\">\u201eNachruf: Wir trauern um unseren Genossen Flo\u201c <\/span>weiterlesen<\/a><\/p>\n","protected":false},"author":1,"featured_media":414,"comment_status":"open","ping_status":"open","sticky":false,"template":"","format":"standard","meta":{"footnotes":""},"categories":[363,181],"tags":[365,353],"class_list":["post-413","post","type-post","status-publish","format-standard","has-post-thumbnail","hentry","category-galabau","category-trauer","tag-galabau","tag-nachruf"],"_links":{"self":[{"href":"https:\/\/gruene-gewerke.fau.org\/index.php?rest_route=\/wp\/v2\/posts\/413","targetHints":{"allow":["GET"]}}],"collection":[{"href":"https:\/\/gruene-gewerke.fau.org\/index.php?rest_route=\/wp\/v2\/posts"}],"about":[{"href":"https:\/\/gruene-gewerke.fau.org\/index.php?rest_route=\/wp\/v2\/types\/post"}],"author":[{"embeddable":true,"href":"https:\/\/gruene-gewerke.fau.org\/index.php?rest_route=\/wp\/v2\/users\/1"}],"replies":[{"embeddable":true,"href":"https:\/\/gruene-gewerke.fau.org\/index.php?rest_route=%2Fwp%2Fv2%2Fcomments&post=413"}],"version-history":[{"count":3,"href":"https:\/\/gruene-gewerke.fau.org\/index.php?rest_route=\/wp\/v2\/posts\/413\/revisions"}],"predecessor-version":[{"id":434,"href":"https:\/\/gruene-gewerke.fau.org\/index.php?rest_route=\/wp\/v2\/posts\/413\/revisions\/434"}],"wp:featuredmedia":[{"embeddable":true,"href":"https:\/\/gruene-gewerke.fau.org\/index.php?rest_route=\/wp\/v2\/media\/414"}],"wp:attachment":[{"href":"https:\/\/gruene-gewerke.fau.org\/index.php?rest_route=%2Fwp%2Fv2%2Fmedia&parent=413"}],"wp:term":[{"taxonomy":"category","embeddable":true,"href":"https:\/\/gruene-gewerke.fau.org\/index.php?rest_route=%2Fwp%2Fv2%2Fcategories&post=413"},{"taxonomy":"post_tag","embeddable":true,"href":"https:\/\/gruene-gewerke.fau.org\/index.php?rest_route=%2Fwp%2Fv2%2Ftags&post=413"}],"curies":[{"name":"wp","href":"https:\/\/api.w.org\/{rel}","templated":true}]}}