{"id":464,"date":"2025-07-04T03:36:53","date_gmt":"2025-07-04T03:36:53","guid":{"rendered":"https:\/\/gruene-gewerke.fau.org\/?p=464"},"modified":"2025-07-04T03:36:53","modified_gmt":"2025-07-04T03:36:53","slug":"igg-verurteilt-bauernverband-angriffe-auf-mindestlohn-scharf","status":"publish","type":"post","link":"https:\/\/gruene-gewerke.fau.org\/?p=464","title":{"rendered":"IGG verurteilt Bauernverband-Angriffe auf Mindestlohn scharf"},"content":{"rendered":"<h3 id=\"Finger-weg-von-unseren-Leuten---gleicher-Lohn-f\u00fcr-gleiche-Arbeit\" class=\"part\" data-startline=\"4\" data-endline=\"4\"><strong>Finger weg von unseren Leuten &#8211; gleicher Lohn f\u00fcr gleiche Arbeit!<\/strong><\/h3>\n<p class=\"part\" data-startline=\"6\" data-endline=\"6\">Mit Entsetzen und Wut reagiert die Gewerkschaft Initiative Gr\u00fcne Gewerke (IGG FAU) auf die Vorst\u00f6\u00dfe zu Ausnahmen beim Mindestlohn von Bauernverbandspr\u00e4sidenten Rukwied und Bundeslandwirtschaftsminister Rainer. Die Gewerkschaft droht mit Kampfma\u00dfnahmen, fordert einen generellen Politikwechsel und eine Angleichung der Arbeitsbedingungen f\u00fcr Saisonkr\u00e4fte. Sie fordert au\u00dferdem 15\u20ac als Minimallohn f\u00fcr alle Besch\u00e4ftigten der Branche.<!--more--><\/p>\n<p class=\"part\" data-startline=\"8\" data-endline=\"8\">Vor allem migrantische Saisonarbeitskr\u00e4fte machen etwa ein Drittel der landwirtschaftlichen Besch\u00e4ftigten in Deutschland aus. Sie arbeiten vor allem in arbeitsintensiven Sonderkulturen und kleinen bis mittelgro\u00dfen Landwirtschaftsbetrieben. Sie geh\u00f6ren schon jetzt zu der Berufsgruppe mit der schlechtesten Bezahlung, den l\u00e4ngsten Arbeitstagen, sowie den meisten (oft auch t\u00f6dlichen) Unf\u00e4llen. Die IGG fordert eine komplette Angleichung der Arbeitsverh\u00e4ltnisse f\u00fcr migrantische Saisonkr\u00e4fte u.a.hinsichtlich Sozialversicherung, L\u00f6hnen und Arbeitsrechten. In ihrem betrieblichen Grundsatzpapier hat die Gewerkschaft im Mai 2025 per Urabstimmung den Kampf f\u00fcr 15\u20ac als Lohnuntergrenze f\u00fcr alle Besch\u00e4ftigten in den Bereichen Gartenbau, Forst, Landwirtschaft und Umweltberufe beschlossen.<\/p>\n<p class=\"part\" data-startline=\"10\" data-endline=\"10\">\u201cDer Vorsto\u00df von Rukwied und die Sch\u00fctzenhilfe aus der CDU sind einfach nur widerlich, nebenbei auch rechtlich unhaltbar. Tun beide sonst alles daf\u00fcr, die Agrarkonzerne gegen\u00fcber kleinen Betrieben zu \u00fcbervorteilen, k\u00f6nnen sie sich vermeintliche Entlastungen f\u00fcr diese Betriebe nur auf dem R\u00fccken der am h\u00e4rtesten arbeitenden und verletztlichsten Besch\u00e4ftigten der Landwirtschaft vorstellen. Nebenbei packen sie den rechten Teil der Bauernschaft dabei bei ihren rassistischen und nationalistischen Einstellungen.\u201d, sagt Jasmin Hofer, Sprecherin der IGG und selbst Mindestlohnbesch\u00e4ftigte Arbeiterin im Gem\u00fcsebau.<\/p>\n<p class=\"part\" data-startline=\"12\" data-endline=\"12\">Kleine und mittlere Betriebe brauchen derweil andere Unterst\u00fctzung: Schutz vor Fl\u00e4chenaufk\u00e4ufen von Spekulant:innen, Unterst\u00fctzung f\u00fcr kleinteiligere, \u00f6kologische Produktionsweisen, Bruch der Einzelhandelsmonopole bei der Preisfestlegung. \u201cBei weiterer Ungleichbehandlung migrantischer Saisonkr\u00e4fte verlieren alle Besch\u00e4ftigten in der Landwirtschaft, auch jene, die vom Mindestlohn nicht ausgenommen werden sollen, da sie keine Stellen mehr finden oder ihre Verhandlungsposition geschw\u00e4cht wird. Der aktuelle Vorsto\u00df d\u00fcrfte eine der heftigsten Angriffe auf die Besch\u00e4ftigten einer ganzen Branche in den letzten Jahren in Deutschland sein. Wir rufen alle Kolleg* innen der Branche auf sich gegen diese Dreisdigkeit zu organisieren!\u201d<\/p>\n<p class=\"part\" data-startline=\"14\" data-endline=\"14\">Die IGG fordert die l\u00e4ngst \u00fcberf\u00e4llige Absetzung des Bauernverbandspr\u00e4sidenten Rukwied, ruft B\u00e4uer:innen zur Organisation in anderen Verb\u00e4nden auf und bereitet sich sowohl auf betriebliche als auch politische Aktionen f\u00fcr den Fall von Mindestlohnunterschreitungen vor.<\/p>\n","protected":false},"excerpt":{"rendered":"<p>Finger weg von unseren Leuten &#8211; gleicher Lohn f\u00fcr gleiche Arbeit! Mit Entsetzen und Wut reagiert die Gewerkschaft Initiative Gr\u00fcne Gewerke (IGG FAU) auf die Vorst\u00f6\u00dfe zu Ausnahmen beim Mindestlohn von Bauernverbandspr\u00e4sidenten Rukwied und Bundeslandwirtschaftsminister Rainer. Die Gewerkschaft droht mit Kampfma\u00dfnahmen, fordert einen generellen Politikwechsel und eine Angleichung der Arbeitsbedingungen f\u00fcr Saisonkr\u00e4fte. Sie fordert au\u00dferdem &hellip; <\/p>\n<p class=\"link-more\"><a href=\"https:\/\/gruene-gewerke.fau.org\/?p=464\" class=\"more-link\"><span class=\"screen-reader-text\">\u201eIGG verurteilt Bauernverband-Angriffe auf Mindestlohn scharf\u201c <\/span>weiterlesen<\/a><\/p>\n","protected":false},"author":1,"featured_media":465,"comment_status":"open","ping_status":"open","sticky":false,"template":"","format":"standard","meta":{"footnotes":""},"categories":[23,21,189,158,279],"tags":[480,224,297,51,478,482,415,476,474,484],"class_list":["post-464","post","type-post","status-publish","format-standard","has-post-thumbnail","hentry","category-gemuesebau","category-landwirtschaft","category-obstbau","category-saisonarbeit","category-statement","tag-agrarminister","tag-bauernverband","tag-cdu","tag-dbv","tag-landwitschaftsminister","tag-mindestlohn","tag-mobile-arbeit","tag-rainer","tag-rukwied","tag-saisonarbeitskraefte"],"_links":{"self":[{"href":"https:\/\/gruene-gewerke.fau.org\/index.php?rest_route=\/wp\/v2\/posts\/464","targetHints":{"allow":["GET"]}}],"collection":[{"href":"https:\/\/gruene-gewerke.fau.org\/index.php?rest_route=\/wp\/v2\/posts"}],"about":[{"href":"https:\/\/gruene-gewerke.fau.org\/index.php?rest_route=\/wp\/v2\/types\/post"}],"author":[{"embeddable":true,"href":"https:\/\/gruene-gewerke.fau.org\/index.php?rest_route=\/wp\/v2\/users\/1"}],"replies":[{"embeddable":true,"href":"https:\/\/gruene-gewerke.fau.org\/index.php?rest_route=%2Fwp%2Fv2%2Fcomments&post=464"}],"version-history":[{"count":1,"href":"https:\/\/gruene-gewerke.fau.org\/index.php?rest_route=\/wp\/v2\/posts\/464\/revisions"}],"predecessor-version":[{"id":466,"href":"https:\/\/gruene-gewerke.fau.org\/index.php?rest_route=\/wp\/v2\/posts\/464\/revisions\/466"}],"wp:featuredmedia":[{"embeddable":true,"href":"https:\/\/gruene-gewerke.fau.org\/index.php?rest_route=\/wp\/v2\/media\/465"}],"wp:attachment":[{"href":"https:\/\/gruene-gewerke.fau.org\/index.php?rest_route=%2Fwp%2Fv2%2Fmedia&parent=464"}],"wp:term":[{"taxonomy":"category","embeddable":true,"href":"https:\/\/gruene-gewerke.fau.org\/index.php?rest_route=%2Fwp%2Fv2%2Fcategories&post=464"},{"taxonomy":"post_tag","embeddable":true,"href":"https:\/\/gruene-gewerke.fau.org\/index.php?rest_route=%2Fwp%2Fv2%2Ftags&post=464"}],"curies":[{"name":"wp","href":"https:\/\/api.w.org\/{rel}","templated":true}]}}