{"id":618,"date":"2026-01-21T07:45:15","date_gmt":"2026-01-21T07:45:15","guid":{"rendered":"https:\/\/gruene-gewerke.fau.org\/?p=618"},"modified":"2026-01-21T07:45:15","modified_gmt":"2026-01-21T07:45:15","slug":"28-1-leipzig-essen-infoveranstaltung-der-igg","status":"publish","type":"post","link":"https:\/\/gruene-gewerke.fau.org\/?p=618","title":{"rendered":"28.1., Leipzig: Essen + Infoveranstaltung der IGG"},"content":{"rendered":"<p><strong>28.1. | 18 Uhr Essen | 20 Uhr Vortrag | AmEnde Laden | Georg-Schwarz-Stra\u00dfe 178 | Leipzig<\/strong><\/p>\n<p>Im Vortrag stellen wir unsere Forderungen f\u00fcr bessere Arbeitsbedingungen vor. Wir erz\u00e4hlen, wie die FAU funktioniert, wie wir f\u00fcr einen revolution\u00e4ren Gesellschaftswandel eintreten und wie wir uns in der IGG organisieren. Au\u00dferdem sprechen wir dar\u00fcber, welche Mittel und Werkzeuge wir als Gewerkschaft haben und wie wir diese speziell in den Gr\u00fcnen Gewerken nutzen k\u00f6nnen. <!--more--><\/p>\n<p><strong>Ausbildung, Lohnarbeit, System Change? \u2013 eine andere Gewerkschaft tut Not!<\/strong><\/p>\n<p><em>F\u00fcr Besch\u00e4ftigte in den Gr\u00fcnen Gewerken gibt es im Arbeitsalltag viele Probleme \u2013 und gleichzeitig die Notwendigkeit \u00f6kologische Transformationen im Gro\u00dfen und Ganzen und damit eben auch eine andere Produktionsweise voran zu treiben.<\/em><\/p>\n<p><em>Wir wollen in unseren Betrieben unsere Arbeitsbedingungen gemeinsam verbessern, k\u00e4mpfen u.a. f\u00fcr anst\u00e4ndige Bezahlung, Teilzeit und die Einhaltung des Arbeitsschutzes. Dabei k\u00e4mpfen wir immer auch Zusammen mit Kolleg:innen in anderen L\u00e4ndern, egal ob in Frankreich, Spanien oder Myanmar.<\/em><\/p>\n<p><em>Auf der anderen Seite wollen wir aus unserer Perspektive und mit allem Wissen, was uns als Kolleg:innen zur Verf\u00fcgung steht unsere Branchen zukunftsf\u00e4hig machen. In der IGG-FAU bauen wir schon heute basisdemokratische und antikapitalistische Strukturen auf.<\/em><\/p>\n","protected":false},"excerpt":{"rendered":"<p>28.1. | 18 Uhr Essen | 20 Uhr Vortrag | AmEnde Laden | Georg-Schwarz-Stra\u00dfe 178 | Leipzig Im Vortrag stellen wir unsere Forderungen f\u00fcr bessere Arbeitsbedingungen vor. Wir erz\u00e4hlen, wie die FAU funktioniert, wie wir f\u00fcr einen revolution\u00e4ren Gesellschaftswandel eintreten und wie wir uns in der IGG organisieren. Au\u00dferdem sprechen wir dar\u00fcber, welche Mittel und &hellip; <\/p>\n<p class=\"link-more\"><a href=\"https:\/\/gruene-gewerke.fau.org\/?p=618\" class=\"more-link\"><span class=\"screen-reader-text\">\u201e28.1., Leipzig: Essen + Infoveranstaltung der IGG\u201c <\/span>weiterlesen<\/a><\/p>\n","protected":false},"author":1,"featured_media":585,"comment_status":"open","ping_status":"open","sticky":false,"template":"","format":"standard","meta":{"footnotes":""},"categories":[363,23,21,162,421,189,158,417,533],"tags":[247,92,652,654,664,90,88,519,315,415,666,164,79],"class_list":["post-618","post","type-post","status-publish","format-standard","has-post-thumbnail","hentry","category-galabau","category-gemuesebau","category-landwirtschaft","category-mobile-arbeit","category-monitoring","category-obstbau","category-saisonarbeit","category-vernetzung","category-weiterbildung","tag-fau","tag-gewerkschaft","tag-gewerkschaft-gartenbau","tag-gewerkschaft-landwirtschaft","tag-gruene-gewerke","tag-ig-bau","tag-igg","tag-internationale-solidaritaet","tag-kollektivbetriebe","tag-mobile-arbeit","tag-sabotage","tag-saisonarbeit","tag-streik"],"_links":{"self":[{"href":"https:\/\/gruene-gewerke.fau.org\/index.php?rest_route=\/wp\/v2\/posts\/618","targetHints":{"allow":["GET"]}}],"collection":[{"href":"https:\/\/gruene-gewerke.fau.org\/index.php?rest_route=\/wp\/v2\/posts"}],"about":[{"href":"https:\/\/gruene-gewerke.fau.org\/index.php?rest_route=\/wp\/v2\/types\/post"}],"author":[{"embeddable":true,"href":"https:\/\/gruene-gewerke.fau.org\/index.php?rest_route=\/wp\/v2\/users\/1"}],"replies":[{"embeddable":true,"href":"https:\/\/gruene-gewerke.fau.org\/index.php?rest_route=%2Fwp%2Fv2%2Fcomments&post=618"}],"version-history":[{"count":1,"href":"https:\/\/gruene-gewerke.fau.org\/index.php?rest_route=\/wp\/v2\/posts\/618\/revisions"}],"predecessor-version":[{"id":619,"href":"https:\/\/gruene-gewerke.fau.org\/index.php?rest_route=\/wp\/v2\/posts\/618\/revisions\/619"}],"wp:featuredmedia":[{"embeddable":true,"href":"https:\/\/gruene-gewerke.fau.org\/index.php?rest_route=\/wp\/v2\/media\/585"}],"wp:attachment":[{"href":"https:\/\/gruene-gewerke.fau.org\/index.php?rest_route=%2Fwp%2Fv2%2Fmedia&parent=618"}],"wp:term":[{"taxonomy":"category","embeddable":true,"href":"https:\/\/gruene-gewerke.fau.org\/index.php?rest_route=%2Fwp%2Fv2%2Fcategories&post=618"},{"taxonomy":"post_tag","embeddable":true,"href":"https:\/\/gruene-gewerke.fau.org\/index.php?rest_route=%2Fwp%2Fv2%2Ftags&post=618"}],"curies":[{"name":"wp","href":"https:\/\/api.w.org\/{rel}","templated":true}]}}