{"id":620,"date":"2026-01-21T08:17:26","date_gmt":"2026-01-21T08:17:26","guid":{"rendered":"https:\/\/gruene-gewerke.fau.org\/?p=620"},"modified":"2026-01-21T11:07:51","modified_gmt":"2026-01-21T11:07:51","slug":"5-6-2-berlin-proteste-zur-fruit-logistica-messe-2026","status":"publish","type":"post","link":"https:\/\/gruene-gewerke.fau.org\/?p=620","title":{"rendered":"5.-6.2. Berlin: Proteste zur Fruit Logistica Messe 2026"},"content":{"rendered":"<p><em><a href=\"https:\/\/fightfruitlogistica.noblogs.org\/\">Aufruf der Organisation Interbrigadas<\/a>:<\/em><\/p>\n<p>Am 05. und 06.02.2026 finden die Aktionstage gegen die Messe Fruit Logistica statt. Wir laden dich und deine friends herzlich ein sich uns anzuschlie\u00dfen!<\/p>\n<p>Die Fruit Logistica, eine der gr\u00f6\u00dften Messen des agrarindustriellen Obst- und Gem\u00fcse Sektors, findet unter dem wachstumsorientierten Motto \u201eLet\u2019s Grow!\u201c auf dem Messegel\u00e4nde ICC Berlin statt. Sie ist eine Vernetzungsveranstaltung f\u00fcr Unternehmen aus der Branche, die Networking, leckeres Essen und den Abschluss von Gesch\u00e4ften f\u00fcr die Besucher:innen verspricht, jedoch die sozialen und \u00f6kologischen Folgen und Strukturen des dahinterstehenden globalen agrarindustriellen Landwirtschaftssystem bewusst ausblendet.<\/p>\n<p>Deswegen kontern wir: \u201eWe grow together! We grow from below!\u201c<!--more--><\/p>\n<h2>05.02. Protesttag<\/h2>\n<p><strong>Ort: Messe Berlin |ab 08:00 Uhr gemeinsamer Protest | 10 Uhr \u00d6ffentliche Stellungnahmen verschiedener Organisationen |13:00 Uhr gemeinsamer Ausklang im Interb\u00fcro (Genter Str. 60, Berlin)<\/strong><\/p>\n<h2>06.02. People\u2019s Tribunal:<\/h2>\n<p><strong>Ort: wird nach Anmeldung bekannt gegeben | 13:00-18:00 Uhr People\u2019s Tribunal |\u00a0<\/strong><a href=\"https:\/\/fightfruitlogistica.noblogs.org\/2026\/01\/16\/registration-to-participate-in-the-peoples-tribunal\/\"><strong>Anmeldung hier<\/strong><\/a><br \/>\n_ _ _<br \/>\nWe grow together! We grow from below!<\/p>\n","protected":false},"excerpt":{"rendered":"<p>Aufruf der Organisation Interbrigadas: Am 05. und 06.02.2026 finden die Aktionstage gegen die Messe Fruit Logistica statt. Wir laden dich und deine friends herzlich ein sich uns anzuschlie\u00dfen! Die Fruit Logistica, eine der gr\u00f6\u00dften Messen des agrarindustriellen Obst- und Gem\u00fcse Sektors, findet unter dem wachstumsorientierten Motto \u201eLet\u2019s Grow!\u201c auf dem Messegel\u00e4nde ICC Berlin statt. Sie &hellip; <\/p>\n<p class=\"link-more\"><a href=\"https:\/\/gruene-gewerke.fau.org\/?p=620\" class=\"more-link\"><span class=\"screen-reader-text\">\u201e5.-6.2. Berlin: Proteste zur Fruit Logistica Messe 2026\u201c <\/span>weiterlesen<\/a><\/p>\n","protected":false},"author":1,"featured_media":621,"comment_status":"open","ping_status":"open","sticky":false,"template":"","format":"standard","meta":{"footnotes":""},"categories":[27,17,23,269,21,162,189,253,158,417],"tags":[676,191,166,238,449,678,271,255,275,94,674,668,670,672,164],"class_list":["post-620","post","type-post","status-publish","format-standard","has-post-thumbnail","hentry","category-agrarwende","category-demonstration","category-gemuesebau","category-internationalismus","category-landwirtschaft","category-mobile-arbeit","category-obstbau","category-podium","category-saisonarbeit","category-vernetzung","tag-aldi","tag-almeria","tag-ausbeutung","tag-biosabor","tag-chiquita","tag-einzelhandel","tag-fruit-logistica","tag-gemuesebau","tag-import","tag-landwirtschaft","tag-lidl","tag-messe","tag-obst","tag-rewe","tag-saisonarbeit"],"_links":{"self":[{"href":"https:\/\/gruene-gewerke.fau.org\/index.php?rest_route=\/wp\/v2\/posts\/620","targetHints":{"allow":["GET"]}}],"collection":[{"href":"https:\/\/gruene-gewerke.fau.org\/index.php?rest_route=\/wp\/v2\/posts"}],"about":[{"href":"https:\/\/gruene-gewerke.fau.org\/index.php?rest_route=\/wp\/v2\/types\/post"}],"author":[{"embeddable":true,"href":"https:\/\/gruene-gewerke.fau.org\/index.php?rest_route=\/wp\/v2\/users\/1"}],"replies":[{"embeddable":true,"href":"https:\/\/gruene-gewerke.fau.org\/index.php?rest_route=%2Fwp%2Fv2%2Fcomments&post=620"}],"version-history":[{"count":2,"href":"https:\/\/gruene-gewerke.fau.org\/index.php?rest_route=\/wp\/v2\/posts\/620\/revisions"}],"predecessor-version":[{"id":623,"href":"https:\/\/gruene-gewerke.fau.org\/index.php?rest_route=\/wp\/v2\/posts\/620\/revisions\/623"}],"wp:featuredmedia":[{"embeddable":true,"href":"https:\/\/gruene-gewerke.fau.org\/index.php?rest_route=\/wp\/v2\/media\/621"}],"wp:attachment":[{"href":"https:\/\/gruene-gewerke.fau.org\/index.php?rest_route=%2Fwp%2Fv2%2Fmedia&parent=620"}],"wp:term":[{"taxonomy":"category","embeddable":true,"href":"https:\/\/gruene-gewerke.fau.org\/index.php?rest_route=%2Fwp%2Fv2%2Fcategories&post=620"},{"taxonomy":"post_tag","embeddable":true,"href":"https:\/\/gruene-gewerke.fau.org\/index.php?rest_route=%2Fwp%2Fv2%2Ftags&post=620"}],"curies":[{"name":"wp","href":"https:\/\/api.w.org\/{rel}","templated":true}]}}