{"id":660,"date":"2026-03-10T14:03:01","date_gmt":"2026-03-10T14:03:01","guid":{"rendered":"https:\/\/gruene-gewerke.fau.org\/?p=660"},"modified":"2026-03-10T14:04:19","modified_gmt":"2026-03-10T14:04:19","slug":"igg-zum-8-maerz-redebeitrag","status":"publish","type":"post","link":"https:\/\/gruene-gewerke.fau.org\/?p=660","title":{"rendered":"IGG zum 8. M\u00e4rz | Redebeitrag"},"content":{"rendered":"<p>In vielen St\u00e4dten beteiligten sich IGG-Mitglieder vom 7. bis 9. M\u00e4rz an Demonstrationen, Kundgebungen und Streiks, blieben auf die eine oder andere Art Arbeit und Berufsschule fern und dr\u00fcckten ihre Solidarit\u00e4t mit der weltweiten feministischen Streikbewegung aus. Die FAU unterst\u00fctzt dabei seit Jahren die Bem\u00fchungen um feministische und andere politische Streiks in Deutschland, unter anderem mit dieser <a href=\"https:\/\/www.fau.org\/materialien\/streiken-ist-unser-gutes-recht\">Brosch\u00fcre zur rechtlichen Situation.<\/a><\/p>\n<p><em>Hier dokumentieren wir den Redebeitrag zweier Mitglieder der in mehreren St\u00e4dten gehalten wurde:<\/em><!--more--><\/p>\n<h2>Das Patriarchat macht m\u00fcde &#8211; wir bleiben wach!<\/h2>\n<p>Liebe Mitstreiter:innen,<\/p>\n<p>das Patriarchat macht m\u00fcde. Das Patriarchat macht w\u00fctend. Das Patriarchat t\u00f6tet.<br \/>\nAls queerfeministische Gewerkschafter:innen im Gem\u00fcsebau oder in der Landwirtschaft haben wir es mit einer Branche zu tun, in der Ausbeutung und Diskriminierung Standard sind. Wir haben es mit einer Branche zu tun, in der immer wieder nach starken M\u00e4nnern gerufen wird. In der wir nicht selber bestimmen k\u00f6nnen welche Aufgaben unsere sind, obwohl wir alle stark sind, auf verschiedene Arten und Weisen und alle auf unsere Bandscheiben achten sollten.<\/p>\n<p>Eine Branche in der uns die Ohren vor bl\u00f6den Spr\u00fcchen klingeln. Wir haben es mit einer Branche zu tun, in der Chef:innen mit klaren bin\u00e4ren Rollenvorstellungen entscheiden, wer die Maschinen bedienen soll oder uns Aufgaben nicht zutrauen. In der wir h\u00e4ufig nicht ernst genommen, angeschrien oder voll-mansplaint werden, w\u00e4hrend gleichzeitig ein achtsamer Umgang mit der Umwelt, den Arbeitsmitteln, unserem K\u00f6rper und unseren Kolleg:innen als unm\u00e4nnlich abgewertet werden, weil alle anderen Geschlechter in diesem Weltbild weniger Wert sind. &#8222;Sei kein M\u00e4dchen!&#8220; hei\u00dft es dann zum Beispiel.<\/p>\n<p>Das Patriarchat erleben wir als Initiative Gr\u00fcne Gewerke t\u00e4glich am eigenen Leib. Wenn wir wir f\u00fcr 540\u20ac monatlich 40h die Woche arbeiten weil wir in Ausbildung sind, wenn wir daf\u00fcr nicht einmal die versprochenen Lernr\u00e4ume bekommen, sondern wieder nur fegen, Kistenstapel oder Gem\u00fcse putzen sollen, wenn wir auf unsere cis-m\u00e4nnlichen Kollegen als Unterst\u00fctzung gegen\u00fcber den Chef:innen nicht z\u00e4hlen k\u00f6nnen, weil sie lieber nach unten treten. Weil sie sich \u00fcber uns stellen und ihren Frust an uns auslassen, besonders wenn wir von Diskriminierungen betroffen sind und ihren Vorstellungen von wei\u00dfer M\u00e4nnlichkeit nicht entsprechen.<\/p>\n<p>Auch wenn unsere L\u00f6hne nicht prickelnd sind, ergeht es uns in der Regel noch besser als unseren migrantischen Kolleg: innen, <a href=\"https:\/\/gruene-gewerke.fau.org\/?p=642\">die zur Zeit wieder massiven Angriffen auf ihren Lohn ausgesetzt sind<\/a>.<\/p>\n<p>So \u00fcbernahm die CDU auf ihrem letzten Parteitag in Stuttgart geschlossen die Forderung des Bauernverbandspr\u00e4sidenten Rukwied nach einer Mindestlohnsenkung f\u00fcr Saisonarbeitskr\u00e4fte.<br \/>\nAls Feminist: innen m\u00fcssen sich unsere K\u00e4mpfe gegen jede Form von Diskriminierung und Ausbeutung richten! Keine Mindestlohnsenkung f\u00fcr Saisonarbeitskr\u00e4fte!<\/p>\n<p>Die G\u00fclle im Kopf unserer CDU Politiker:innen geh\u00f6rt auf eine ordentlich versiegelte Fl\u00e4che wo kein Tropfen davon in das Grundwasser des gesellschaftlichen Diskurses sickern kann! <a href=\"https:\/\/gruene-gewerke.fau.org\/?page_id=426\">Wir fordern 15\u20ac Mindestlohn f\u00fcr alle Besch\u00e4ftigten im Gr\u00fcnen Bereich!<\/a><\/p>\n<p>Anstatt nach unten nach den Besch\u00e4ftigten mit den l\u00e4ngsten Arbeitstagen, den schlechtesten L\u00f6hnen und den meisten, oft t\u00f6dlichen, Arbeitsunf\u00e4llen zu treten, m\u00fcssen die aussterbenden landwirtschaftlichen Betriebe endlich lernen nach oben zu treten &#8211; und wir m\u00fcssen ihnen dabei auf die Spr\u00fcnge helfen!<br \/>\nAls intersektionale Feminist:innen m\u00fcssen wir historisch gewachsene Machtverh\u00e4ltnisse in Frage stellen. Wem Geh\u00f6rt der Boden? Wem geh\u00f6rt das Wasser? Wem geh\u00f6rt der Wald?<br \/>\nW\u00e4hrend die Herrschenden in H\u00f6chstgeschwindigkeit daran arbeiten unsere K\u00f6rper und diesen Planeten auszubeuten bis sie zerst\u00f6rt sind m\u00fcssen wir uns mit emanzipatorischen Akteur:innen weltweit zusammenschlie\u00dfen und dagegen halten. Wie in Kolumbien wo gerade Kleinb\u00e4uer:innen von La Via Campesina \u00fcber die Zukunft und Ern\u00e4hrungssouver\u00e4nit\u00e4t reden. Wie in Rojava wo Genoss:innen mit dem Konzept des demokratischen Konf\u00f6deralismus einen feministischen, emanzipatorischen und \u00f6kologischen Gesellschaftsentwurf verteidigen. Wie in Huelva und Almeria, wo unsere Genoss:innen f\u00fcr Arbeitsrechte in dem Plastikmeer aus Folientunneln k\u00e4mpfen.<\/p>\n<p>Gegen die Zerst\u00f6rung, die Dominanz, die Ausbeutung. Globalize the struggle, globelize hope!<\/p>\n","protected":false},"excerpt":{"rendered":"<p>In vielen St\u00e4dten beteiligten sich IGG-Mitglieder vom 7. bis 9. M\u00e4rz an Demonstrationen, Kundgebungen und Streiks, blieben auf die eine oder andere Art Arbeit und Berufsschule fern und dr\u00fcckten ihre Solidarit\u00e4t mit der weltweiten feministischen Streikbewegung aus. Die FAU unterst\u00fctzt dabei seit Jahren die Bem\u00fchungen um feministische und andere politische Streiks in Deutschland, unter anderem &hellip; <\/p>\n<p class=\"link-more\"><a href=\"https:\/\/gruene-gewerke.fau.org\/?p=660\" class=\"more-link\"><span class=\"screen-reader-text\">\u201eIGG zum 8. M\u00e4rz | Redebeitrag\u201c <\/span>weiterlesen<\/a><\/p>\n","protected":false},"author":1,"featured_media":661,"comment_status":"open","ping_status":"open","sticky":false,"template":"","format":"standard","meta":{"footnotes":""},"categories":[17,311,717,743,363,23,269,21,162,421,189,277,158,279,47,682],"tags":[745,747,755,761,749,751,753,92,759,763,757],"class_list":["post-660","post","type-post","status-publish","format-standard","has-post-thumbnail","hentry","category-demonstration","category-diskussionsbeitrag","category-dresden","category-feminismus","category-galabau","category-gemuesebau","category-internationalismus","category-landwirtschaft","category-mobile-arbeit","category-monitoring","category-obstbau","category-oekologie","category-saisonarbeit","category-statement","category-streik","category-tuebingen","tag-8-maerz","tag-9-maerz","tag-enough","tag-feminismus","tag-feministischer-kampftag","tag-femstreik","tag-frauenstreik","tag-gewerkschaft","tag-patriarchat","tag-politischer-streik","tag-toechterkollektiv"],"_links":{"self":[{"href":"https:\/\/gruene-gewerke.fau.org\/index.php?rest_route=\/wp\/v2\/posts\/660","targetHints":{"allow":["GET"]}}],"collection":[{"href":"https:\/\/gruene-gewerke.fau.org\/index.php?rest_route=\/wp\/v2\/posts"}],"about":[{"href":"https:\/\/gruene-gewerke.fau.org\/index.php?rest_route=\/wp\/v2\/types\/post"}],"author":[{"embeddable":true,"href":"https:\/\/gruene-gewerke.fau.org\/index.php?rest_route=\/wp\/v2\/users\/1"}],"replies":[{"embeddable":true,"href":"https:\/\/gruene-gewerke.fau.org\/index.php?rest_route=%2Fwp%2Fv2%2Fcomments&post=660"}],"version-history":[{"count":2,"href":"https:\/\/gruene-gewerke.fau.org\/index.php?rest_route=\/wp\/v2\/posts\/660\/revisions"}],"predecessor-version":[{"id":663,"href":"https:\/\/gruene-gewerke.fau.org\/index.php?rest_route=\/wp\/v2\/posts\/660\/revisions\/663"}],"wp:featuredmedia":[{"embeddable":true,"href":"https:\/\/gruene-gewerke.fau.org\/index.php?rest_route=\/wp\/v2\/media\/661"}],"wp:attachment":[{"href":"https:\/\/gruene-gewerke.fau.org\/index.php?rest_route=%2Fwp%2Fv2%2Fmedia&parent=660"}],"wp:term":[{"taxonomy":"category","embeddable":true,"href":"https:\/\/gruene-gewerke.fau.org\/index.php?rest_route=%2Fwp%2Fv2%2Fcategories&post=660"},{"taxonomy":"post_tag","embeddable":true,"href":"https:\/\/gruene-gewerke.fau.org\/index.php?rest_route=%2Fwp%2Fv2%2Ftags&post=660"}],"curies":[{"name":"wp","href":"https:\/\/api.w.org\/{rel}","templated":true}]}}