{"id":664,"date":"2026-03-17T15:00:23","date_gmt":"2026-03-17T15:00:23","guid":{"rendered":"https:\/\/gruene-gewerke.fau.org\/?p=664"},"modified":"2026-03-17T15:00:23","modified_gmt":"2026-03-17T15:00:23","slug":"11-april-einladung-zum-vernetzungstreffen-muenster","status":"publish","type":"post","link":"https:\/\/gruene-gewerke.fau.org\/?p=664","title":{"rendered":"11. April: Einladung zum Vernetzungstreffen M\u00fcnster"},"content":{"rendered":"<p><strong>11.4 | 14 Uhr | M\u00fcnster | Herwarthstra\u00dfe 7<\/strong><\/p>\n<p>Liebe Kolleg*innen und Azubis, liebe Mitstreiter*innen in den Gr\u00fcnen Gewerken: Am Samstag den 11. April treffen wir uns um 14 Uhr in der Herwarthstra\u00dfe 7 in M\u00fcnster, um in einen Austausch \u00fcber unsere Arbeitsbedingungen zu kommen.<!--more--><\/p>\n<p><strong>Warum?<\/strong><br \/>\nAuch wenn wir unsere Berufe meistens f\u00fcr sinnvoll halten und gerne im Gartenbau und in der Landschaftspflege t\u00e4tig sind, aber unter vielen Problemen leiden wie: \u00dcberstunden, wenigen Urlaubstagen, langen und unbezahlten Anfahrten, sexistischer und rassistischer Diskriminierung und cholerischen Chef:innen. Nur ein Bruchteil von uns schafft es in den k\u00f6rperlich und psychisch anstrengenden Bereichen der Branche bis zur Rente. Viele Kolleg:innen wechseln ihren Beruf, weil sie den Arbeitsalltag nicht mehr packen.<\/p>\n<p>Das muss nicht sein!<\/p>\n<p>Wir k\u00f6nnen das \u00e4ndern. Mit der basisgewerkschaftlichen \u201cInitiative Gr\u00fcne Gewerke\u201d (IGG-FAU) haben wir in den vergangenen Monaten bereits einen ersten Konflikt gewonnen, ein Betriebspolitisches Programm entwickelt und begonnen eine starke Organisation f\u00fcr bessere Lebens- und Arbeitsbedingungen aufzubauen.<br \/>\nLass uns treffen!<\/p>\n<p>Wir von der Freien Arbeiter*innen Union (FAU) M\u00fcnsterland finden, dass es auch hier in unser Region an der Zeit ist, sich in unserer Branche zu organisieren. Daf\u00fcr wollen wir am 11. April einen ersten Raum f\u00fcr Austausch und Vernetzung schaffen und anschlie\u00dfend am liebsten kontinuierlich fortf\u00fchren.<br \/>\nWir wollen ein Netzwerk gegenseitigen Hilfe und Unterst\u00fctzung von uns Auszubildenden und Arbeitnehmer*innen schaffen \u2013 f\u00fcr uns selbst und die nach uns kommen.<\/p>\n<p>Wir wollen uns einen \u00dcberblick \u00fcber die Situation in Betrieben in der Region verschaffen, gemeinsam \u00fcber unsere eigene Rechte lernen und diese dann auch einfordern.<br \/>\nVor Ort wollen wir uns austauschen und kurz \u00fcber unsere M\u00f6glichkeiten mit Hilfe von Basis-Gewerkschaften Verbesserungen zu erk\u00e4mpfen informieren.<\/p>\n<p>Au\u00dferdem gibt es eine Snacks und Getr\u00e4nke.<br \/>\nAlle im gr\u00fcnen Bereich, die kein Chef*innen sind, sind herzlich eingeladen!<\/p>\n","protected":false},"excerpt":{"rendered":"<p>11.4 | 14 Uhr | M\u00fcnster | Herwarthstra\u00dfe 7 Liebe Kolleg*innen und Azubis, liebe Mitstreiter*innen in den Gr\u00fcnen Gewerken: Am Samstag den 11. April treffen wir uns um 14 Uhr in der Herwarthstra\u00dfe 7 in M\u00fcnster, um in einen Austausch \u00fcber unsere Arbeitsbedingungen zu kommen.<\/p>\n","protected":false},"author":1,"featured_media":608,"comment_status":"open","ping_status":"open","sticky":false,"template":"","format":"standard","meta":{"footnotes":""},"categories":[363,23,21,162,421,765,189,158,417,533],"tags":[247,365,539,771,255,92,90,88,94,767,769,385],"class_list":["post-664","post","type-post","status-publish","format-standard","has-post-thumbnail","hentry","category-galabau","category-gemuesebau","category-landwirtschaft","category-mobile-arbeit","category-monitoring","category-muenster","category-obstbau","category-saisonarbeit","category-vernetzung","category-weiterbildung","tag-fau","tag-galabau","tag-gartenbau","tag-gartenlandschaftsbau","tag-gemuesebau","tag-gewerkschaft","tag-ig-bau","tag-igg","tag-landwirtschaft","tag-muenster","tag-muensterland","tag-umweltberufe"],"_links":{"self":[{"href":"https:\/\/gruene-gewerke.fau.org\/index.php?rest_route=\/wp\/v2\/posts\/664","targetHints":{"allow":["GET"]}}],"collection":[{"href":"https:\/\/gruene-gewerke.fau.org\/index.php?rest_route=\/wp\/v2\/posts"}],"about":[{"href":"https:\/\/gruene-gewerke.fau.org\/index.php?rest_route=\/wp\/v2\/types\/post"}],"author":[{"embeddable":true,"href":"https:\/\/gruene-gewerke.fau.org\/index.php?rest_route=\/wp\/v2\/users\/1"}],"replies":[{"embeddable":true,"href":"https:\/\/gruene-gewerke.fau.org\/index.php?rest_route=%2Fwp%2Fv2%2Fcomments&post=664"}],"version-history":[{"count":1,"href":"https:\/\/gruene-gewerke.fau.org\/index.php?rest_route=\/wp\/v2\/posts\/664\/revisions"}],"predecessor-version":[{"id":665,"href":"https:\/\/gruene-gewerke.fau.org\/index.php?rest_route=\/wp\/v2\/posts\/664\/revisions\/665"}],"wp:featuredmedia":[{"embeddable":true,"href":"https:\/\/gruene-gewerke.fau.org\/index.php?rest_route=\/wp\/v2\/media\/608"}],"wp:attachment":[{"href":"https:\/\/gruene-gewerke.fau.org\/index.php?rest_route=%2Fwp%2Fv2%2Fmedia&parent=664"}],"wp:term":[{"taxonomy":"category","embeddable":true,"href":"https:\/\/gruene-gewerke.fau.org\/index.php?rest_route=%2Fwp%2Fv2%2Fcategories&post=664"},{"taxonomy":"post_tag","embeddable":true,"href":"https:\/\/gruene-gewerke.fau.org\/index.php?rest_route=%2Fwp%2Fv2%2Ftags&post=664"}],"curies":[{"name":"wp","href":"https:\/\/api.w.org\/{rel}","templated":true}]}}