{"id":707,"date":"2026-04-27T09:42:17","date_gmt":"2026-04-27T09:42:17","guid":{"rendered":"https:\/\/gruene-gewerke.fau.org\/?p=707"},"modified":"2026-04-27T09:42:17","modified_gmt":"2026-04-27T09:42:17","slug":"update-arbeitskampf-tuebingen-gewonnen-kundgebung-abgesagt","status":"publish","type":"post","link":"https:\/\/gruene-gewerke.fau.org\/?p=707","title":{"rendered":"Update: Arbeitskampf T\u00fcbingen gewonnen, Kundgebung abgesagt"},"content":{"rendered":"<p>Was monatelang nicht m\u00f6glich war, wurde schlie\u00dflich sehr schnell m\u00f6glich, nach dem die FAU T\u00fcbingen und die IGG gewerkschaftlichen Protest vor Ort androhten: Binnen weniger Tage erhielt unser Mitglied ausstehenden Lohn, Arbeitszeugnis und fehlende Unterlagen. <strong>Gewerkschaft wirkt.\u00a0<\/strong>Die Kundgebung ist abgesagt, wir feiern gemeinsam:<\/p>\n<p><!--more--><\/p>\n<p><strong>16:45 Uhr:<\/strong> Sektchen an der Haltestelle Eichhaldenstra\u00dfe \u2013 wir sto\u00dfen an, sammeln uns und gehen gemeinsam weiter.<\/p>\n<p><strong>18:00 Uhr:<\/strong> Gem\u00fctliches Ausklingen in der &#8222;K\u00fcche f\u00fcr alle&#8220; (veganes Essen gegen Spende) der Siggi 11 (Sigwartstra\u00dfe 11, T\u00fcbingen) \u2013 mit Essen, Trinken und Raum f\u00fcr Austausch.<\/p>\n<p>Kommt alle vorbei! Feiert mit uns diesen Erfolg und lasst uns gemeinsam weiterk\u00e4mpfen \u2013 denn dieser Fall ist leider kein Einzelfall!<\/p>\n<p><a href=\"https:\/\/stuttgart.fau.org\/tuebingen\/\">Hier gehts zur FAU T\u00fcbingen, die den Konflikt gef\u00fchrt hat.<\/a><\/p>\n<p><a href=\"https:\/\/gruene-gewerke.fau.org\/wp-content\/uploads\/2026\/04\/sharpic_tuebingen_gewonnen.png\"><img loading=\"lazy\" decoding=\"async\" class=\"aligncenter size-large wp-image-709\" src=\"https:\/\/gruene-gewerke.fau.org\/wp-content\/uploads\/2026\/04\/sharpic_tuebingen_gewonnen-819x1024.png\" alt=\"\" width=\"525\" height=\"656\" srcset=\"https:\/\/gruene-gewerke.fau.org\/wp-content\/uploads\/2026\/04\/sharpic_tuebingen_gewonnen-819x1024.png 819w, https:\/\/gruene-gewerke.fau.org\/wp-content\/uploads\/2026\/04\/sharpic_tuebingen_gewonnen-240x300.png 240w, https:\/\/gruene-gewerke.fau.org\/wp-content\/uploads\/2026\/04\/sharpic_tuebingen_gewonnen-768x960.png 768w, https:\/\/gruene-gewerke.fau.org\/wp-content\/uploads\/2026\/04\/sharpic_tuebingen_gewonnen.png 1080w\" sizes=\"auto, (max-width: 525px) 100vw, 525px\" \/><\/a><\/p>\n","protected":false},"excerpt":{"rendered":"<p>Was monatelang nicht m\u00f6glich war, wurde schlie\u00dflich sehr schnell m\u00f6glich, nach dem die FAU T\u00fcbingen und die IGG gewerkschaftlichen Protest vor Ort androhten: Binnen weniger Tage erhielt unser Mitglied ausstehenden Lohn, Arbeitszeugnis und fehlende Unterlagen. Gewerkschaft wirkt.\u00a0Die Kundgebung ist abgesagt, wir feiern gemeinsam:<\/p>\n","protected":false},"author":1,"featured_media":708,"comment_status":"open","ping_status":"open","sticky":false,"template":"","format":"standard","meta":{"footnotes":""},"categories":[493,17,23,21,682],"tags":[102,864,852,539,255,92,94,557],"class_list":["post-707","post","type-post","status-publish","format-standard","has-post-thumbnail","hentry","category-arbeitskampf","category-demonstration","category-gemuesebau","category-landwirtschaft","category-tuebingen","tag-arbeitskampf","tag-berghof","tag-bioland","tag-gartenbau","tag-gemuesebau","tag-gewerkschaft","tag-landwirtschaft","tag-tuebingen"],"_links":{"self":[{"href":"https:\/\/gruene-gewerke.fau.org\/index.php?rest_route=\/wp\/v2\/posts\/707","targetHints":{"allow":["GET"]}}],"collection":[{"href":"https:\/\/gruene-gewerke.fau.org\/index.php?rest_route=\/wp\/v2\/posts"}],"about":[{"href":"https:\/\/gruene-gewerke.fau.org\/index.php?rest_route=\/wp\/v2\/types\/post"}],"author":[{"embeddable":true,"href":"https:\/\/gruene-gewerke.fau.org\/index.php?rest_route=\/wp\/v2\/users\/1"}],"replies":[{"embeddable":true,"href":"https:\/\/gruene-gewerke.fau.org\/index.php?rest_route=%2Fwp%2Fv2%2Fcomments&post=707"}],"version-history":[{"count":1,"href":"https:\/\/gruene-gewerke.fau.org\/index.php?rest_route=\/wp\/v2\/posts\/707\/revisions"}],"predecessor-version":[{"id":710,"href":"https:\/\/gruene-gewerke.fau.org\/index.php?rest_route=\/wp\/v2\/posts\/707\/revisions\/710"}],"wp:featuredmedia":[{"embeddable":true,"href":"https:\/\/gruene-gewerke.fau.org\/index.php?rest_route=\/wp\/v2\/media\/708"}],"wp:attachment":[{"href":"https:\/\/gruene-gewerke.fau.org\/index.php?rest_route=%2Fwp%2Fv2%2Fmedia&parent=707"}],"wp:term":[{"taxonomy":"category","embeddable":true,"href":"https:\/\/gruene-gewerke.fau.org\/index.php?rest_route=%2Fwp%2Fv2%2Fcategories&post=707"},{"taxonomy":"post_tag","embeddable":true,"href":"https:\/\/gruene-gewerke.fau.org\/index.php?rest_route=%2Fwp%2Fv2%2Ftags&post=707"}],"curies":[{"name":"wp","href":"https:\/\/api.w.org\/{rel}","templated":true}]}}