{"id":711,"date":"2026-04-28T07:56:18","date_gmt":"2026-04-28T07:56:18","guid":{"rendered":"https:\/\/gruene-gewerke.fau.org\/?p=711"},"modified":"2026-04-28T07:56:18","modified_gmt":"2026-04-28T07:56:18","slug":"kurzmeldung-heraus-zum-1-mai-in-deutschland-und-weltweit","status":"publish","type":"post","link":"https:\/\/gruene-gewerke.fau.org\/?p=711","title":{"rendered":"Kurzmeldung: Heraus zum 1. Mai, in Deutschland und weltweit!"},"content":{"rendered":"<p>Auch in diesem Jahr organisiert unsere Gewerkschaftsf\u00f6deration FAU bundesweit Demos, Demo-Bl\u00f6cke, Veranstaltungen und Stra\u00dfenfeste. Hier findet ihr eine <a href=\"https:\/\/www.fau.org\/artikel\/1-mai-mit-der-fau-1\">\u00dcbersicht mit allen Veranstaltungen<\/a>. Vielerorts werden wir auch als IGG pr\u00e4sent sein. Mit 24 anderen Gewerkschaften und Organisationen sind wir auch wieder Teil des internationalen <a href=\"https:\/\/globalmayday.net\">Global-Mayday-B\u00fcndnisses<\/a>. Dieses Jahr liegt dabei ein besonderer Fokus auf den <a href=\"https:\/\/globalmayday.net\/2025\/07\/22\/twtuc-conference\/\">Forderungen von Teeplantagen-Arbeiter:innen aus Bangladesch, der TWTUC<\/a>. Die Genoss:innen haben auch <a href=\"https:\/\/globalmayday.net\/2026\/04\/26\/tea-workers-gmd26\/\">eine Gru\u00dfbotschaft eingesprochen<\/a>, die ihr auf euren lokalen Demos abspielen k\u00f6nnt. Wir sehen uns auf der Stra\u00dfe &#8211; und nat\u00fcrlich im Betrieb \ud83d\ude09<\/p>\n","protected":false},"excerpt":{"rendered":"<p>Auch in diesem Jahr organisiert unsere Gewerkschaftsf\u00f6deration FAU bundesweit Demos, Demo-Bl\u00f6cke, Veranstaltungen und Stra\u00dfenfeste. Hier findet ihr eine \u00dcbersicht mit allen Veranstaltungen. Vielerorts werden wir auch als IGG pr\u00e4sent sein. Mit 24 anderen Gewerkschaften und Organisationen sind wir auch wieder Teil des internationalen Global-Mayday-B\u00fcndnisses. Dieses Jahr liegt dabei ein besonderer Fokus auf den Forderungen von &hellip; <\/p>\n<p class=\"link-more\"><a href=\"https:\/\/gruene-gewerke.fau.org\/?p=711\" class=\"more-link\"><span class=\"screen-reader-text\">\u201eKurzmeldung: Heraus zum 1. Mai, in Deutschland und weltweit!\u201c <\/span>weiterlesen<\/a><\/p>\n","protected":false},"author":1,"featured_media":579,"comment_status":"open","ping_status":"open","sticky":false,"template":"","format":"standard","meta":{"footnotes":""},"categories":[27,493,773,17,717,743,363,23,269,21,838,162,421,765,189,277,158,682],"tags":[401,868,611,539,92,357,94,866,870],"class_list":["post-711","post","type-post","status-publish","format-standard","has-post-thumbnail","hentry","category-agrarwende","category-arbeitskampf","category-berlin-brandenburg","category-demonstration","category-dresden","category-feminismus","category-galabau","category-gemuesebau","category-internationalismus","category-landwirtschaft","category-marburg","category-mobile-arbeit","category-monitoring","category-muenster","category-obstbau","category-oekologie","category-saisonarbeit","category-tuebingen","tag-1-mai","tag-bangladesch","tag-demo","tag-gartenbau","tag-gewerkschaft","tag-global-mayday","tag-landwirtschaft","tag-mayday","tag-utopie"],"_links":{"self":[{"href":"https:\/\/gruene-gewerke.fau.org\/index.php?rest_route=\/wp\/v2\/posts\/711","targetHints":{"allow":["GET"]}}],"collection":[{"href":"https:\/\/gruene-gewerke.fau.org\/index.php?rest_route=\/wp\/v2\/posts"}],"about":[{"href":"https:\/\/gruene-gewerke.fau.org\/index.php?rest_route=\/wp\/v2\/types\/post"}],"author":[{"embeddable":true,"href":"https:\/\/gruene-gewerke.fau.org\/index.php?rest_route=\/wp\/v2\/users\/1"}],"replies":[{"embeddable":true,"href":"https:\/\/gruene-gewerke.fau.org\/index.php?rest_route=%2Fwp%2Fv2%2Fcomments&post=711"}],"version-history":[{"count":1,"href":"https:\/\/gruene-gewerke.fau.org\/index.php?rest_route=\/wp\/v2\/posts\/711\/revisions"}],"predecessor-version":[{"id":712,"href":"https:\/\/gruene-gewerke.fau.org\/index.php?rest_route=\/wp\/v2\/posts\/711\/revisions\/712"}],"wp:featuredmedia":[{"embeddable":true,"href":"https:\/\/gruene-gewerke.fau.org\/index.php?rest_route=\/wp\/v2\/media\/579"}],"wp:attachment":[{"href":"https:\/\/gruene-gewerke.fau.org\/index.php?rest_route=%2Fwp%2Fv2%2Fmedia&parent=711"}],"wp:term":[{"taxonomy":"category","embeddable":true,"href":"https:\/\/gruene-gewerke.fau.org\/index.php?rest_route=%2Fwp%2Fv2%2Fcategories&post=711"},{"taxonomy":"post_tag","embeddable":true,"href":"https:\/\/gruene-gewerke.fau.org\/index.php?rest_route=%2Fwp%2Fv2%2Ftags&post=711"}],"curies":[{"name":"wp","href":"https:\/\/api.w.org\/{rel}","templated":true}]}}